{"id":2855,"date":"2026-09-02T18:25:32","date_gmt":"2026-09-02T21:25:32","guid":{"rendered":"https:\/\/italinea.com.br\/blog\/?p=2855"},"modified":"2026-09-02T18:25:36","modified_gmt":"2026-09-02T21:25:36","slug":"cozinha-sem-armarios-aereos","status":"publish","type":"post","link":"https:\/\/italinea.com.br\/blog\/cozinha-sem-armarios-aereos\/","title":{"rendered":"Cozinha sem arm\u00e1rios a\u00e9reos: quando funciona e como manter espa\u00e7o de armazenamento\u00a0"},"content":{"rendered":"\n<p class=\"wp-block-paragraph\">Quem nunca deu uma olhadinha em um perfil de decora\u00e7\u00e3o e se encantou com uma cozinha de paredes livres, sem nenhum arm\u00e1rio pairando sobre a bancada? Mas, na hora de pensar nisso para a pr\u00f3pria casa, surge uma d\u00favida que muda todo o resultado do projeto: onde vai ficar tudo o que hoje est\u00e1 guardado nos arm\u00e1rios a\u00e9reos?&nbsp;<\/p>\n\n\n\n<p class=\"wp-block-paragraph\">A resposta vai muito al\u00e9m de seguir uma est\u00e9tica em alta. A decis\u00e3o de remover ou manter os <a href=\"https:\/\/italinea.com.br\/blog\/beneficios-dos-armarios-planejados-para-sua-cozinha\/\" target=\"_blank\" rel=\"noopener\">arm\u00e1rios<\/a> superiores influencia diretamente a sensa\u00e7\u00e3o de amplitude do ambiente, a forma como a luz se distribui pela cozinha e, principalmente, a praticidade de quem cozinha todos os dias. Em um projeto de m\u00f3veis planejados, cada escolha se conecta \u00e0 outra, e o armazenamento \u00e9 sempre a pe\u00e7a que precisa fechar a conta.&nbsp;<\/p>\n\n\n\n<p class=\"wp-block-paragraph\">Neste artigo, voc\u00ea vai entender quando vale a pena abrir m\u00e3o dos arm\u00e1rios a\u00e9reos, como redistribuir o armazenamento entre gavet\u00f5es, torres e despensa sem perder funcionalidade, e em que situa\u00e7\u00f5es essa configura\u00e7\u00e3o ainda n\u00e3o \u00e9 a mais indicada \u2014 para transformar essa vontade est\u00e9tica em um projeto de cozinha planejada que funciona de verdade no dia a dia.&nbsp;<\/p>\n\n\n\n<h2 class=\"wp-block-heading\"><strong>Cozinha sem arm\u00e1rios a\u00e9reos: o que muda no ambiente?<\/strong>&nbsp;<\/h2>\n\n\n\n<p class=\"wp-block-paragraph\">Retirar os arm\u00e1rios superiores de uma cozinha planejada altera a percep\u00e7\u00e3o do ambiente de forma imediata. Sem os volumes suspensos, as paredes ganham continuidade visual e o p\u00e9-direito parece mais alto, mesmo quando a m\u00e9trica real n\u00e3o muda em nada. Esse efeito \u00e9 especialmente percept\u00edvel em <a href=\"https:\/\/italinea.com.br\/blog\/sala-com-cozinha-americana-integrada-harmonize-os-ambientes\/\" target=\"_blank\" rel=\"noopener\">cozinhas integradas<\/a> \u00e0 sala de estar ou de jantar, onde a aus\u00eancia de m\u00f3dulos altos evita a sensa\u00e7\u00e3o de dois ambientes com propostas visuais diferentes.&nbsp;<\/p>\n\n\n\n<p class=\"wp-block-paragraph\">Al\u00e9m do ganho de leveza, a cozinha sem arm\u00e1rio a\u00e9reo costuma abrir espa\u00e7o para outros protagonistas do projeto: janelas maiores ganham destaque, revestimentos especiais podem ocupar a parede inteira, a coifa se torna um elemento de composi\u00e7\u00e3o e a ilumina\u00e7\u00e3o passa a ter um papel mais ativo. \u00c9 uma mudan\u00e7a de hierarquia visual, n\u00e3o apenas a retirada de um m\u00f3vel.&nbsp;<\/p>\n\n\n\n<p class=\"wp-block-paragraph\">Vale refor\u00e7ar uma diferen\u00e7a importante: reduzir os arm\u00e1rios superiores n\u00e3o \u00e9 o mesmo que elimin\u00e1-los por completo. Muitos projetos bem-sucedidos mant\u00eam um m\u00f3dulo pontual, mais discreto, em uma \u00fanica parede, enquanto liberam o restante do ambiente. Essa \u00e9 uma decis\u00e3o de projeto, n\u00e3o uma regra fixa, e cabe avaliar o que faz sentido para cada rotina antes de descartar totalmente a op\u00e7\u00e3o.&nbsp;<\/p>\n\n\n\n<h2 class=\"wp-block-heading\"><strong>Quando vale a pena abrir m\u00e3o dos arm\u00e1rios superiores?<\/strong>&nbsp;<\/h2>\n\n\n\n<p class=\"wp-block-paragraph\">Antes de decidir por uma cozinha sem arm\u00e1rios superiores, \u00e9 preciso olhar para h\u00e1bitos concretos. Quantos utens\u00edlios, panelas, lou\u00e7as e <a href=\"https:\/\/italinea.com.br\/blog\/como-combinar-eletrodomesticos-e-seus-moveis-planejados\/\" target=\"_blank\" rel=\"noopener\">eletrodom\u00e9sticos<\/a> essa casa realmente guarda? Fam\u00edlias que cozinham com frequ\u00eancia, recebem visitas com regularidade ou t\u00eam cole\u00e7\u00f5es de lou\u00e7as e equipamentos tendem a demandar mais armazenamento vertical do que aquelas com uma rotina mais simples.&nbsp;<\/p>\n\n\n\n<p class=\"wp-block-paragraph\">A frequ\u00eancia de uso da cozinha tamb\u00e9m pesa na equa\u00e7\u00e3o. Uma cozinha usada intensamente, com preparo de refei\u00e7\u00f5es di\u00e1rias para v\u00e1rias pessoas, geralmente se beneficia de mais pontos de guarda distribu\u00eddos, enquanto uma cozinha de uso mais pontual tem mais liberdade para abrir m\u00e3o dos a\u00e9reos sem comprometer a rotina.&nbsp;<\/p>\n\n\n\n<p class=\"wp-block-paragraph\">Outro fator decisivo \u00e9 a exist\u00eancia de \u00e1reas complementares de armazenamento, como torres, despensa planejada ou uma \u00e1rea de servi\u00e7o pr\u00f3xima. Quando esses espa\u00e7os j\u00e1 absorvem parte do volume que normalmente ficaria nos arm\u00e1rios superiores, a remo\u00e7\u00e3o se torna uma escolha segura. Sem esse suporte, a cozinha corre o risco de ficar bonita, por\u00e9m pouco funcional no m\u00e9dio prazo.&nbsp;<\/p>\n\n\n\n<figure class=\"wp-block-table\"><table class=\"has-fixed-layout\"><tbody><tr><td class=\"has-text-align-center\" data-align=\"center\">\u00a0<br><strong>Perfil da cozinha\u00a0<\/strong><br>\u00a0<\/td><td class=\"has-text-align-center\" data-align=\"center\">\u00a0<br>Cozinha sem arm\u00e1rios a\u00e9reos funciona?\u00a0<br>\u00a0<\/td><\/tr><tr><td class=\"has-text-align-center\" data-align=\"center\">&nbsp;<br>Poucos utens\u00edlios e itens para guardar&nbsp;<br>&nbsp;<\/td><td class=\"has-text-align-center\" data-align=\"center\">&nbsp;<br>Pode funcionar muito bem&nbsp;<\/td><\/tr><tr><td class=\"has-text-align-center\" data-align=\"center\">&nbsp;<br>Conta com torre ou despensa&nbsp;<br>&nbsp;<\/td><td class=\"has-text-align-center\" data-align=\"center\">&nbsp;<br>Tem grande potencial&nbsp;<\/td><\/tr><tr><td class=\"has-text-align-center\" data-align=\"center\">&nbsp;<br>Uso di\u00e1rio intenso&nbsp;<br>&nbsp;<\/td><td class=\"has-text-align-center\" data-align=\"center\">&nbsp;<br>Exige planejamento do armazenamento&nbsp;<\/td><\/tr><tr><td class=\"has-text-align-center\" data-align=\"center\">&nbsp;<br>Muitos utens\u00edlios, lou\u00e7as e eletrodom\u00e9sticos&nbsp;<br>&nbsp;<\/td><td class=\"has-text-align-center\" data-align=\"center\">&nbsp;<br>Uma solu\u00e7\u00e3o h\u00edbrida pode ser mais adequada&nbsp;<\/td><\/tr><tr><td class=\"has-text-align-center\" data-align=\"center\">&nbsp;<br>Cozinha pequena sem \u00e1reas complementares de armazenamento&nbsp;<br>&nbsp;<\/td><td class=\"has-text-align-center\" data-align=\"center\">&nbsp;<br>Precisa de avalia\u00e7\u00e3o cuidadosa&nbsp;<\/td><\/tr><tr><td class=\"has-text-align-center\" data-align=\"center\">&nbsp;<br>Alta demanda por espa\u00e7o de guarda&nbsp;<br>&nbsp;<\/td><td class=\"has-text-align-center\" data-align=\"center\">&nbsp;<br>Os arm\u00e1rios a\u00e9reos podem continuar sendo a melhor escolha&nbsp;<br>&nbsp;<\/td><\/tr><\/tbody><\/table><\/figure>\n\n\n\n<h2 class=\"wp-block-heading\"><strong>Como manter espa\u00e7o de armazenamento sem arm\u00e1rios a\u00e9reos<\/strong>&nbsp;<\/h2>\n\n\n\n<p class=\"wp-block-paragraph\">O segredo de uma cozinha sem arm\u00e1rio a\u00e9reo bem resolvida est\u00e1 na forma como o armazenamento \u00e9 redistribu\u00eddo pelo restante do ambiente. Os gavet\u00f5es de cozinha s\u00e3o um dos principais aliados dessa transi\u00e7\u00e3o: por serem mais profundos e permitirem visualizar todo o conte\u00fado de uma vez, tornam-se ideais para panelas, formas, utens\u00edlios de preparo e at\u00e9 mantimentos, substituindo com vantagem o que antes ficava nos arm\u00e1rios altos.&nbsp;<\/p>\n\n\n\n<p class=\"wp-block-paragraph\">O arm\u00e1rio inferior de cozinha, quando bem projetado com prateleiras deslizantes, divis\u00f3rias e cestos internos, tamb\u00e9m absorve boa parte do que seria destinado aos m\u00f3dulos suspensos. A torre de cozinha, por sua vez, concentra eletrodom\u00e9sticos como forno, micro-ondas e air fryer, al\u00e9m de oferecer prateleiras em alturas confort\u00e1veis para itens de uso frequente, sem exigir que ningu\u00e9m alcance m\u00f3dulos elevados.&nbsp;<\/p>\n\n\n\n<p class=\"wp-block-paragraph\">Quando o projeto permite, uma despensa planejada, ainda que compacta, resolve boa parte da demanda por armazenamento de alimentos, evitando que essa fun\u00e7\u00e3o dependa exclusivamente dos arm\u00e1rios da cozinha. M\u00f3dulos que v\u00e3o do piso ao teto em pontos estrat\u00e9gicos, como ao lado da geladeira ou em um canto pouco aproveitado, tamb\u00e9m ajudam a compensar o volume que deixou de existir na parte superior das paredes.&nbsp;<\/p>\n\n\n\n<p class=\"wp-block-paragraph\">Vale lembrar que essas solu\u00e7\u00f5es funcionam melhor quando pensadas em conjunto, e n\u00e3o isoladamente. Um projeto que combina gavet\u00f5es, arm\u00e1rio inferior de cozinha bem dividido, uma torre funcional e um ponto de despensa costuma superar, em praticidade, uma cozinha tradicional com muitos arm\u00e1rios a\u00e9reos mal aproveitados. A quantidade de m\u00f3veis importa menos do que a intelig\u00eancia com que cada um deles \u00e9 distribu\u00eddo pelo ambiente.&nbsp;<\/p>\n\n\n\n<h2 class=\"wp-block-heading\"><strong>Organiza\u00e7\u00e3o interna: aproveitar melhor pode ser mais importante do que ter mais arm\u00e1rios<\/strong>&nbsp;<\/h2>\n\n\n\n<figure class=\"wp-block-image size-full\"><img loading=\"lazy\" decoding=\"async\" width=\"1000\" height=\"600\" src=\"https:\/\/italinea.com.br\/blog\/wp-content\/uploads\/2026\/09\/organizacao_interna.webp\" alt=\"gaveta com talheres\" class=\"wp-image-2857\" srcset=\"https:\/\/italinea.com.br\/blog\/wp-content\/uploads\/2026\/09\/organizacao_interna.webp 1000w, https:\/\/italinea.com.br\/blog\/wp-content\/uploads\/2026\/09\/organizacao_interna-500x300.webp 500w, https:\/\/italinea.com.br\/blog\/wp-content\/uploads\/2026\/09\/organizacao_interna-300x180.webp 300w, https:\/\/italinea.com.br\/blog\/wp-content\/uploads\/2026\/09\/organizacao_interna-125x75.webp 125w, https:\/\/italinea.com.br\/blog\/wp-content\/uploads\/2026\/09\/organizacao_interna-767x460.webp 767w, https:\/\/italinea.com.br\/blog\/wp-content\/uploads\/2026\/09\/organizacao_interna-480x288.webp 480w\" sizes=\"auto, (max-width:767px) 480px, (max-width:1000px) 100vw, 1000px\" \/><figcaption class=\"wp-element-caption\">Um arm\u00e1rio bem dividido guarda mais do que um arm\u00e1rio maior sem organiza\u00e7\u00e3o interna. <strong>Cr\u00e9ditos:<\/strong> Cole\u00e7\u00e3o Prisma\u00a0<\/figcaption><\/figure>\n\n\n\n<p class=\"wp-block-paragraph\">Em uma cozinha planejada moderna, a quantidade de arm\u00e1rios deixa de ser o \u00fanico indicador de bom armazenamento. A forma como o espa\u00e7o interno \u00e9 organizado costuma fazer mais diferen\u00e7a do que o volume total de m\u00f3veis dispon\u00edveis. Divis\u00f3rias para tampas e travessas, gavetas internas para talheres e utens\u00edlios pequenos e setoriza\u00e7\u00e3o por tipo de uso evitam que o espa\u00e7o seja desperdi\u00e7ado com itens soltos e mal distribu\u00eddos.&nbsp;<\/p>\n\n\n\n<p class=\"wp-block-paragraph\">Faz sentido posicionar os itens de uso di\u00e1rio \u2014 como temperos, \u00f3leos e utens\u00edlios de preparo b\u00e1sico \u2014 pr\u00f3ximos \u00e0s \u00e1reas de coc\u00e7\u00e3o e bancada, enquanto pe\u00e7as usadas com menor frequ\u00eancia podem ocupar posi\u00e7\u00f5es mais distantes ou nichos superiores pontuais. Essa l\u00f3gica de organiza\u00e7\u00e3o de cozinha reduz deslocamentos desnecess\u00e1rios e torna o preparo das refei\u00e7\u00f5es mais fluido no dia a dia.&nbsp;<\/p>\n\n\n\n<p class=\"wp-block-paragraph\">Espa\u00e7os internos mal aproveitados s\u00e3o um dos principais motivos pelos quais uma cozinha parece ter pouco armazenamento mesmo tendo arm\u00e1rios suficientes. Investir em acess\u00f3rios internos, como cestos aramados, divis\u00f3rias ajust\u00e1veis e organizadores verticais, costuma resolver mais <a href=\"https:\/\/italinea.com.br\/blog\/9-armadilhas-comuns-na-cozinha-planejada\/\" target=\"_blank\" rel=\"noopener\">problemas<\/a> do que simplesmente adicionar mais m\u00f3dulos ao projeto.&nbsp;<\/p>\n\n\n\n<p class=\"wp-block-paragraph\">Essa l\u00f3gica tamb\u00e9m simplifica a rotina de quem divide a cozinha com outras pessoas da casa. Quando cada categoria de item tem um lugar fixo e intuitivo, fica mais f\u00e1cil manter a organiza\u00e7\u00e3o de cozinha ao longo do tempo, sem depender de arruma\u00e7\u00f5es constantes. \u00c9 um cuidado simples de planejamento que faz diferen\u00e7a todos os dias, muito al\u00e9m do impacto visual do projeto.&nbsp;<\/p>\n\n\n\n<h2 class=\"wp-block-heading\"><strong>Cozinha pequena pode ficar sem arm\u00e1rios a\u00e9reos?<\/strong>\u00a0<\/h2>\n\n\n\n<figure class=\"wp-block-image size-full\"><img loading=\"lazy\" decoding=\"async\" width=\"1000\" height=\"600\" src=\"https:\/\/italinea.com.br\/blog\/wp-content\/uploads\/2026\/09\/cozinha_pequena.webp\" alt=\"cozinha pequena \" class=\"wp-image-2858\" srcset=\"https:\/\/italinea.com.br\/blog\/wp-content\/uploads\/2026\/09\/cozinha_pequena.webp 1000w, https:\/\/italinea.com.br\/blog\/wp-content\/uploads\/2026\/09\/cozinha_pequena-300x180.webp 300w, https:\/\/italinea.com.br\/blog\/wp-content\/uploads\/2026\/09\/cozinha_pequena-500x300.webp 500w, https:\/\/italinea.com.br\/blog\/wp-content\/uploads\/2026\/09\/cozinha_pequena-767x460.webp 767w, https:\/\/italinea.com.br\/blog\/wp-content\/uploads\/2026\/09\/cozinha_pequena-125x75.webp 125w, https:\/\/italinea.com.br\/blog\/wp-content\/uploads\/2026\/09\/cozinha_pequena-480x288.webp 480w\" sizes=\"auto, (max-width:767px) 480px, (max-width:1000px) 100vw, 1000px\" \/><figcaption class=\"wp-element-caption\"> Metragem reduzida pede mais crit\u00e9rio, n\u00e3o necessariamente a exclus\u00e3o da ideia.\u00a0<\/figcaption><\/figure>\n\n\n\n<p class=\"wp-block-paragraph\">Em uma <a href=\"https:\/\/italinea.com.br\/blog\/15-dicas-infaliveis-de-moveis-planejados-para-cozinha-pequena\/\" target=\"_blank\" rel=\"noopener\">cozinha pequena planejada<\/a>, a aus\u00eancia de arm\u00e1rios a\u00e9reos costuma refor\u00e7ar a sensa\u00e7\u00e3o de amplitude, j\u00e1 que paredes livres ajudam a evitar a impress\u00e3o de um ambiente comprimido. Esse \u00e9 um dos motivos pelos quais a proposta ganhou tanta for\u00e7a em apartamentos compactos, onde cada metro quadrado importa para o conforto visual do dia a dia.&nbsp;<\/p>\n\n\n\n<p class=\"wp-block-paragraph\">Por outro lado, \u00e9 justamente nas metragens reduzidas que o risco de perder armazenamento essencial \u00e9 maior. Sem um planejamento cuidadoso, a cozinha pode ficar visualmente agrad\u00e1vel, mas insuficiente para guardar o que a rotina exige, especialmente se n\u00e3o houver \u00e1rea de servi\u00e7o ou despensa para absorver o volume que deixaria de estar nos a\u00e9reos.&nbsp;<\/p>\n\n\n\n<p class=\"wp-block-paragraph\">Alternativas h\u00edbridas costumam funcionar bem nesses casos: manter arm\u00e1rios altos apenas em uma parede, concentrar um m\u00f3dulo pontual acima da \u00e1rea de coc\u00e7\u00e3o ou aproveitar um canto espec\u00edfico para um armazenamento vertical mais generoso. O ponto de partida, antes de seguir qualquer refer\u00eancia est\u00e9tica, \u00e9 sempre entender o que aquele espa\u00e7o espec\u00edfico comporta em termos de armazenamento real.&nbsp;<\/p>\n\n\n\n<p class=\"wp-block-paragraph\">Em muitos apartamentos compactos, a cozinha pequena planejada tamb\u00e9m se beneficia de solu\u00e7\u00f5es que aproveitam o p\u00e9-direito ao m\u00e1ximo, como m\u00f3dulos at\u00e9 o teto em apenas um trecho da parede. Essa estrat\u00e9gia concentra o armazenamento vertical em um \u00fanico ponto, liberando o restante do ambiente e preservando a sensa\u00e7\u00e3o de amplitude que motivou, em primeiro lugar, a busca por uma cozinha sem arm\u00e1rios superiores.&nbsp;<\/p>\n\n\n\n<h2 class=\"wp-block-heading\"><strong>Prateleiras abertas substituem arm\u00e1rios a\u00e9reos?<\/strong>&nbsp;<\/h2>\n\n\n\n<p class=\"wp-block-paragraph\">As prateleiras para cozinha costumam entrar na conversa como uma alternativa intermedi\u00e1ria entre manter os arm\u00e1rios altos e remov\u00ea-los completamente. Elas oferecem parte da fun\u00e7\u00e3o de armazenamento sem o volume visual dos m\u00f3dulos fechados, mas exigem um crit\u00e9rio mais rigoroso sobre o que fica exposto, j\u00e1 que tudo o que \u00e9 guardado ali tamb\u00e9m comp\u00f5e visualmente o ambiente.&nbsp;<\/p>\n\n\n\n<p class=\"wp-block-paragraph\">Faz sentido reservar as prateleiras para itens de uso frequente, como copos, x\u00edcaras e potes usados quase todos os dias, ou para pe\u00e7as com valor decorativo, como lou\u00e7as especiais e objetos que contam um pouco da identidade de quem mora na casa. Itens menos harm\u00f4nicos visualmente tendem a funcionar melhor guardados em arm\u00e1rios fechados.&nbsp;<\/p>\n\n\n\n<p class=\"wp-block-paragraph\">A limpeza e a manuten\u00e7\u00e3o tamb\u00e9m entram nessa equa\u00e7\u00e3o: superf\u00edcies abertas acumulam poeira e gordura com mais facilidade, especialmente perto da \u00e1rea de coc\u00e7\u00e3o. Por isso, muitos projetos combinam prateleiras abertas em pontos espec\u00edficos com arm\u00e1rios fechados no restante da cozinha, equilibrando est\u00e9tica e praticidade sem depender exclusivamente de uma \u00fanica solu\u00e7\u00e3o.&nbsp;<\/p>\n\n\n\n<p class=\"wp-block-paragraph\">O material e o acabamento das prateleiras tamb\u00e9m merecem aten\u00e7\u00e3o no projeto. Madeira, metal ou pedra trazem sensa\u00e7\u00f5es diferentes ao ambiente e devem dialogar com o restante da marcenaria, para que o resultado final pare\u00e7a parte de um mesmo racioc\u00ednio, e n\u00e3o um elemento adicionado \u00e0 parte depois que os arm\u00e1rios j\u00e1 foram definidos.&nbsp;<\/p>\n\n\n\n<h2 class=\"wp-block-heading\"><strong>Ergonomia e rotina na distribui\u00e7\u00e3o dos arm\u00e1rios<\/strong>&nbsp;<\/h2>\n\n\n\n<figure class=\"wp-block-image size-full\"><img loading=\"lazy\" decoding=\"async\" width=\"1000\" height=\"600\" src=\"https:\/\/italinea.com.br\/blog\/wp-content\/uploads\/2026\/09\/ergonomia_rotina.webp\" alt=\"distribui\u00e7\u00e3o dos arm\u00e1rios\u00a0\" class=\"wp-image-2859\" srcset=\"https:\/\/italinea.com.br\/blog\/wp-content\/uploads\/2026\/09\/ergonomia_rotina.webp 1000w, https:\/\/italinea.com.br\/blog\/wp-content\/uploads\/2026\/09\/ergonomia_rotina-300x180.webp 300w, https:\/\/italinea.com.br\/blog\/wp-content\/uploads\/2026\/09\/ergonomia_rotina-500x300.webp 500w, https:\/\/italinea.com.br\/blog\/wp-content\/uploads\/2026\/09\/ergonomia_rotina-767x460.webp 767w, https:\/\/italinea.com.br\/blog\/wp-content\/uploads\/2026\/09\/ergonomia_rotina-125x75.webp 125w, https:\/\/italinea.com.br\/blog\/wp-content\/uploads\/2026\/09\/ergonomia_rotina-480x288.webp 480w\" sizes=\"auto, (max-width:767px) 480px, (max-width:1000px) 100vw, 1000px\" \/><figcaption class=\"wp-element-caption\">Cada objeto guardado no lugar certo economiza movimento todos os dias.\u00a0<\/figcaption><\/figure>\n\n\n\n<p class=\"wp-block-paragraph\">Uma cozinha planejada com foco em ergonomia considera peso, frequ\u00eancia de uso e proximidade das \u00e1reas de trabalho na distribui\u00e7\u00e3o dos itens. Panelas grandes, eletroport\u00e1teis e utens\u00edlios mais pesados, por exemplo, devem ficar em posi\u00e7\u00f5es de f\u00e1cil acesso, evitando movimentos repetitivos, como se abaixar excessivamente, se esticar ou alcan\u00e7ar pontos muito elevados ao longo da rotina.\u00a0<\/p>\n\n\n\n<p class=\"wp-block-paragraph\">Os gavet\u00f5es de cozinha contribuem para essa organiza\u00e7\u00e3o ao permitir a visualiza\u00e7\u00e3o completa do conte\u00fado e facilitar o acesso a itens armazenados nas partes mais baixas da marcenaria. Em vez de precisar procurar objetos no fundo de um arm\u00e1rio, basta abrir a gaveta para visualizar o que est\u00e1 guardado. J\u00e1 as gavetas internas, quando bem dimensionadas, tamb\u00e9m tornam utens\u00edlios menores mais acess\u00edveis e organizados do que em prateleiras profundas.&nbsp;<\/p>\n\n\n\n<p class=\"wp-block-paragraph\">A rela\u00e7\u00e3o entre armazenamento, <a href=\"https:\/\/italinea.com.br\/blog\/bancada-funcional-a-essencia-da-cozinha-planejada\/\" target=\"_blank\" rel=\"noopener\">bancada<\/a> e fluxo de trabalho tamb\u00e9m faz diferen\u00e7a. Os itens utilizados durante o preparo devem estar pr\u00f3ximos das \u00e1reas onde s\u00e3o necess\u00e1rios, criando um percurso l\u00f3gico entre guardar, lavar, preparar e cozinhar. Panelas pr\u00f3ximas ao cooktop, utens\u00edlios ao alcance da bancada e itens de uso di\u00e1rio em \u00e1reas de acesso f\u00e1cil s\u00e3o exemplos de escolhas que tornam esse fluxo mais intuitivo.&nbsp;<\/p>\n\n\n\n<p class=\"wp-block-paragraph\">Esse tipo de planejamento reduz deslocamentos e esfor\u00e7os desnecess\u00e1rios ao longo do dia. Assim, a distribui\u00e7\u00e3o dos arm\u00e1rios deixa de ser apenas uma quest\u00e3o de capacidade de armazenamento e passa a acompanhar, de forma mais eficiente, a maneira como a cozinha \u00e9 realmente utilizada.&nbsp;<\/p>\n\n\n\n<h2 class=\"wp-block-heading\"><strong>O que fazer com a parede livre?<\/strong>\u00a0<\/h2>\n\n\n\n<figure class=\"wp-block-image size-full\"><img loading=\"lazy\" decoding=\"async\" width=\"1000\" height=\"600\" src=\"https:\/\/italinea.com.br\/blog\/wp-content\/uploads\/2026\/09\/cozinha_completa.webp\" alt=\"cozinha completa\" class=\"wp-image-2860\" srcset=\"https:\/\/italinea.com.br\/blog\/wp-content\/uploads\/2026\/09\/cozinha_completa.webp 1000w, https:\/\/italinea.com.br\/blog\/wp-content\/uploads\/2026\/09\/cozinha_completa-300x180.webp 300w, https:\/\/italinea.com.br\/blog\/wp-content\/uploads\/2026\/09\/cozinha_completa-500x300.webp 500w, https:\/\/italinea.com.br\/blog\/wp-content\/uploads\/2026\/09\/cozinha_completa-767x460.webp 767w, https:\/\/italinea.com.br\/blog\/wp-content\/uploads\/2026\/09\/cozinha_completa-125x75.webp 125w, https:\/\/italinea.com.br\/blog\/wp-content\/uploads\/2026\/09\/cozinha_completa-480x288.webp 480w\" sizes=\"auto, (max-width:767px) 480px, (max-width:1000px) 100vw, 1000px\" \/><figcaption class=\"wp-element-caption\">A parede que sobra \u00e9 uma oportunidade de projeto, n\u00e3o apenas um vazio a preencher.\u00a0<\/figcaption><\/figure>\n\n\n\n<p class=\"wp-block-paragraph\">Quando os arm\u00e1rios a\u00e9reos deixam de ocupar a parede, surge uma pergunta natural: o que fazer com esse espa\u00e7o? Revestimentos especiais, como porcelanatos com textura, pastilhas ou madeira, ganham protagonismo nessa configura\u00e7\u00e3o. A ilumina\u00e7\u00e3o tamb\u00e9m pode se tornar parte da composi\u00e7\u00e3o, com arandelas, fitas de LED ou pontos decorativos que valorizam o ambiente sem adicionar volume.&nbsp;<\/p>\n\n\n\n<p class=\"wp-block-paragraph\">Quadros, prateleiras pontuais ou at\u00e9 mesmo a valoriza\u00e7\u00e3o de uma janela tamb\u00e9m s\u00e3o caminhos poss\u00edveis, dependendo do estilo do projeto. O importante \u00e9 que essa decis\u00e3o seja pensada com a mesma inten\u00e7\u00e3o que orientou a remo\u00e7\u00e3o dos arm\u00e1rios, evitando preencher a parede novamente apenas por h\u00e1bito, com elementos que n\u00e3o agregam fun\u00e7\u00e3o nem identidade ao espa\u00e7o.&nbsp;<\/p>\n\n\n\n<p class=\"wp-block-paragraph\">O equil\u00edbrio entre est\u00e9tica e fun\u00e7\u00e3o deve guiar essa escolha. Uma parede livre bem resolvida refor\u00e7a o conceito de cozinha clean que motivou a decis\u00e3o inicial, mas tamb\u00e9m pode incorporar pequenos pontos de utilidade, como um nicho para temperos ou uma prateleira estreita para itens do dia a dia, sem comprometer a leveza visual conquistada.&nbsp;<\/p>\n\n\n\n<h2 class=\"wp-block-heading\"><strong>Quando os arm\u00e1rios a\u00e9reos continuam sendo a melhor escolha?<\/strong>&nbsp;<\/h2>\n\n\n\n<p class=\"wp-block-paragraph\">Existem cen\u00e1rios em que os arm\u00e1rios a\u00e9reos seguem sendo a op\u00e7\u00e3o mais funcional, e reconhecer isso \u00e9 parte de um projeto bem pensado. Cozinhas com grande demanda de armazenamento, seja pelo n\u00famero de moradores, pela frequ\u00eancia de uso ou pelo volume de utens\u00edlios e alimentos, costumam se beneficiar da capacidade extra que os m\u00f3dulos superiores oferecem.&nbsp;<\/p>\n\n\n\n<p class=\"wp-block-paragraph\">A disponibilidade de outras \u00e1reas de guarda tamb\u00e9m influencia essa decis\u00e3o. Quando n\u00e3o h\u00e1 espa\u00e7o para uma torre robusta, uma despensa planejada ou m\u00f3dulos verticais complementares, os arm\u00e1rios altos podem ser a \u00fanica forma vi\u00e1vel de acomodar tudo o que a rotina exige, sem sobrecarregar os arm\u00e1rios inferiores ou comprometer a organiza\u00e7\u00e3o do dia a dia.&nbsp;<\/p>\n\n\n\n<p class=\"wp-block-paragraph\">Nesses casos, o caminho n\u00e3o precisa ser tudo ou nada. \u00c9 poss\u00edvel adaptar profundidade, quantidade e distribui\u00e7\u00e3o dos arm\u00e1rios a\u00e9reos para que ocupem menos espa\u00e7o visual, concentrando-os em pontos estrat\u00e9gicos em vez de cobrir toda a extens\u00e3o da parede. O objetivo \u00e9 equilibrar armazenamento e leveza, respeitando as necessidades reais daquele ambiente espec\u00edfico.&nbsp;<\/p>\n\n\n\n<p class=\"wp-block-paragraph\">Um projeto bem conduzido tamb\u00e9m pode reduzir a profundidade dos arm\u00e1rios altos ou limitar sua altura, tornando-os menos dominantes visualmente sem abrir m\u00e3o da capacidade extra de guarda. A decis\u00e3o final deve nascer da avalia\u00e7\u00e3o t\u00e9cnica do espa\u00e7o e da rotina de quem vai usar a cozinha todos os dias, e n\u00e3o apenas da vontade de acompanhar uma est\u00e9tica espec\u00edfica encontrada em refer\u00eancias prontas.&nbsp;<\/p>\n\n\n\n<h2 class=\"wp-block-heading\"><strong>Antes de decidir: o que mapear no projeto da cozinha<\/strong>\u00a0<\/h2>\n\n\n\n<figure class=\"wp-block-image size-full\"><img loading=\"lazy\" decoding=\"async\" width=\"1000\" height=\"600\" src=\"https:\/\/italinea.com.br\/blog\/wp-content\/uploads\/2026\/09\/caderno_checklist.webp\" alt=\"caderno com checklist\" class=\"wp-image-2861\" srcset=\"https:\/\/italinea.com.br\/blog\/wp-content\/uploads\/2026\/09\/caderno_checklist.webp 1000w, https:\/\/italinea.com.br\/blog\/wp-content\/uploads\/2026\/09\/caderno_checklist-300x180.webp 300w, https:\/\/italinea.com.br\/blog\/wp-content\/uploads\/2026\/09\/caderno_checklist-767x460.webp 767w, https:\/\/italinea.com.br\/blog\/wp-content\/uploads\/2026\/09\/caderno_checklist-500x300.webp 500w, https:\/\/italinea.com.br\/blog\/wp-content\/uploads\/2026\/09\/caderno_checklist-125x75.webp 125w, https:\/\/italinea.com.br\/blog\/wp-content\/uploads\/2026\/09\/caderno_checklist-480x288.webp 480w\" sizes=\"auto, (max-width:767px) 480px, (max-width:1000px) 100vw, 1000px\" \/><figcaption class=\"wp-element-caption\">Um bom projeto come\u00e7a antes da escolha est\u00e9tica, no mapeamento da rotina real.\u00a0<\/figcaption><\/figure>\n\n\n\n<p class=\"wp-block-paragraph\">Antes de optar por uma cozinha sem arm\u00e1rios superiores, vale reunir algumas informa\u00e7\u00f5es que v\u00e3o orientar decis\u00f5es mais seguras. O primeiro passo \u00e9 fazer um invent\u00e1rio b\u00e1sico do que precisa ser guardado: panelas, lou\u00e7as, utens\u00edlios, alimentos, eletrodom\u00e9sticos e itens sazonais. Esse levantamento revela, na pr\u00e1tica, quanto espa\u00e7o de armazenamento a cozinha realmente demanda.&nbsp;<\/p>\n\n\n\n<p class=\"wp-block-paragraph\">Pensar tamb\u00e9m nos eletrodom\u00e9sticos atuais e futuros ajuda a evitar retrabalho. Um espa\u00e7o reservado para uma air fryer, uma cafeteira maior ou um forno el\u00e9trico, por exemplo, evita improvisos depois que o <a href=\"https:\/\/italinea.com.br\/blog\/importancia-briefing-projeto-moveis-planejados\/\" target=\"_blank\" rel=\"noopener\">projeto<\/a> est\u00e1 pronto. Os h\u00e1bitos de compra, preparo e organiza\u00e7\u00e3o da fam\u00edlia tamb\u00e9m importam: quem compra em maior quantidade e faz estoque de alimentos precisa de mais armazenamento do que quem compra com frequ\u00eancia e em pequenas quantidades.&nbsp;<\/p>\n\n\n\n<p class=\"wp-block-paragraph\">Por fim, a metragem, a circula\u00e7\u00e3o e as possibilidades de armazenamento vertical do ambiente definem o que \u00e9 vi\u00e1vel tecnicamente. Um arm\u00e1rio de cozinha planejado, desenvolvido a partir desse mapeamento completo, tem muito mais chance de equilibrar est\u00e9tica e funcionalidade do que uma escolha baseada apenas em refer\u00eancias visuais encontradas prontas.&nbsp;<\/p>\n\n\n\n<p class=\"wp-block-paragraph\">Esse mapeamento inicial tamb\u00e9m facilita a conversa com quem vai desenvolver o projeto. Ao chegar com uma no\u00e7\u00e3o clara do que precisa ser guardado, de como a cozinha \u00e9 usada e de quais elementos n\u00e3o podem faltar, fica mais f\u00e1cil transformar prefer\u00eancias est\u00e9ticas em solu\u00e7\u00f5es t\u00e9cnicas vi\u00e1veis, evitando frustra\u00e7\u00f5es depois que os m\u00f3veis j\u00e1 est\u00e3o instalados.&nbsp;<\/p>\n\n\n\n<h2 class=\"wp-block-heading\"><strong>Um projeto sob medida para a sua rotina<\/strong>&nbsp;<\/h2>\n\n\n\n<p class=\"wp-block-paragraph\">A decis\u00e3o entre manter, reduzir ou eliminar os arm\u00e1rios a\u00e9reos n\u00e3o precisa ser feita sozinha, nem baseada apenas em refer\u00eancias est\u00e9ticas. Cada cozinha tem uma rotina pr\u00f3pria, e \u00e9 justamente esse olhar individual que transforma uma tend\u00eancia em um projeto que realmente funciona no dia a dia.&nbsp;<\/p>\n\n\n\n<p class=\"wp-block-paragraph\">A Ital\u00ednea desenvolve projetos de m\u00f3veis planejados para cozinha que partem da forma como cada fam\u00edlia vive, cozinha e se organiza. Se voc\u00ea est\u00e1 pensando em uma cozinha mais leve visualmente sem abrir m\u00e3o do armazenamento que a sua rotina exige, converse com um de nossos consultores e descubra como equilibrar est\u00e9tica e funcionalidade no seu projeto.&nbsp;<\/p>\n\n\n\n<p class=\"wp-block-paragraph\">Do invent\u00e1rio do que precisa ser guardado at\u00e9 a escolha entre gavet\u00f5es, torres, despensa e, quando fizer sentido, arm\u00e1rios a\u00e9reos pontuais, cada detalhe do projeto pode ser pensado para caber na sua rotina, e n\u00e3o o contr\u00e1rio. <a href=\"https:\/\/www.italinea.com.br\/faca-seu-projeto\/\" target=\"_blank\" rel=\"noopener\">Fa\u00e7a seu projeto com a Ital\u00ednea<\/a> e transforme essas ideias em uma cozinha planejada feita sob medida para o seu dia a dia.&nbsp;<\/p>\n\n\n\n<h2 class=\"wp-block-heading\"><strong>FAQ &#8211; Perguntas frequentes<\/strong>&nbsp;<\/h2>\n\n\n\n<h3 class=\"wp-block-heading\"><strong>Cozinha sem arm\u00e1rio a\u00e9reo perde muito espa\u00e7o de guarda?<\/strong>&nbsp;<\/h3>\n\n\n\n<p class=\"wp-block-paragraph\">N\u00e3o necessariamente. Quando o projeto redistribui o armazenamento entre gavet\u00f5es, arm\u00e1rios inferiores, torres e despensa, \u00e9 poss\u00edvel manter \u2014 e em alguns casos at\u00e9 ampliar \u2014 a capacidade de guarda, desde que o planejamento leve em conta a rotina real da casa.&nbsp;<\/p>\n\n\n\n<h3 class=\"wp-block-heading\"><strong>\u00c9 poss\u00edvel fazer uma cozinha sem arm\u00e1rios superiores em qualquer metragem?<\/strong>&nbsp;<\/h3>\n\n\n\n<p class=\"wp-block-paragraph\">\u00c9 poss\u00edvel, mas exige mais crit\u00e9rio em espa\u00e7os pequenos. Cozinhas compactas costumam se beneficiar de solu\u00e7\u00f5es h\u00edbridas, como manter arm\u00e1rios altos em uma \u00fanica parede ou concentrar armazenamento vertical em pontos estrat\u00e9gicos, sempre avaliando a real necessidade de guarda antes de descartar os a\u00e9reos por completo.&nbsp;<\/p>\n\n\n\n<h3 class=\"wp-block-heading\"><strong>Prateleiras abertas s\u00e3o uma boa alternativa aos arm\u00e1rios a\u00e9reos?<\/strong>&nbsp;<\/h3>\n\n\n\n<p class=\"wp-block-paragraph\">Podem ser, especialmente para itens de uso frequente ou pe\u00e7as decorativas. O ponto de aten\u00e7\u00e3o est\u00e1 na manuten\u00e7\u00e3o e no crit\u00e9rio de sele\u00e7\u00e3o do que fica exposto, j\u00e1 que tudo o que \u00e9 guardado em uma prateleira aberta tamb\u00e9m passa a compor visualmente o ambiente.&nbsp;<\/p>\n\n\n\n<h3 class=\"wp-block-heading\"><strong>Como saber se minha cozinha comporta ficar sem arm\u00e1rios a\u00e9reos?<\/strong>&nbsp;<\/h3>\n\n\n\n<p class=\"wp-block-paragraph\">O melhor caminho \u00e9 avaliar o volume de itens que precisam ser guardados, a frequ\u00eancia de uso da cozinha e a exist\u00eancia de outras \u00e1reas de armazenamento na casa, como despensa ou \u00e1rea de servi\u00e7o. Um <a href=\"https:\/\/italinea.com.br\/blog\/guia-completo-cozinha-planejada\/\" target=\"_blank\" rel=\"noopener\">projeto de cozinha planejada<\/a>, consegue traduzir essas respostas em uma solu\u00e7\u00e3o funcional.&nbsp;<\/p>\n\n\n\n<h3 class=\"wp-block-heading\"><strong>Vale a pena reduzir os arm\u00e1rios a\u00e9reos em vez de elimin\u00e1-los completamente?<\/strong>&nbsp;<\/h3>\n\n\n\n<p class=\"wp-block-paragraph\">Em muitos casos, sim. Uma solu\u00e7\u00e3o intermedi\u00e1ria, com arm\u00e1rios altos concentrados em uma \u00fanica parede ou em um m\u00f3dulo pontual, permite ganhar leveza visual sem abrir m\u00e3o de parte da capacidade de armazenamento. Essa alternativa costuma ser especialmente indicada para cozinhas com rotina intensa ou metragem mais limitada.&nbsp;<\/p>\n\n\n\n<p class=\"wp-block-paragraph\"><\/p>\n","protected":false},"excerpt":{"rendered":"<p>Neste artigo, voc\u00ea vai entender quando vale a pena abrir m\u00e3o dos arm\u00e1rios a\u00e9reos, como redistribuir o armazenamento entre gavet\u00f5es, torres e despensa sem perder funcionalidade.<\/p>\n","protected":false},"author":4,"featured_media":2856,"comment_status":"open","ping_status":"closed","sticky":false,"template":"","format":"standard","meta":{"footnotes":""},"categories":[11,12,14,13,15],"tags":[],"class_list":["post-2855","post","type-post","status-publish","format-standard","has-post-thumbnail","hentry","category-cozinha","category-decoracao","category-organizacao","category-tendencia","category-viver-bem"],"yoast_head":"<!-- This site is optimized with the Yoast SEO plugin v28.4 - https:\/\/yoast.com\/product\/yoast-seo-wordpress\/ -->\n<title>Cozinha sem arm\u00e1rios a\u00e9reos: veja quando essa escolha funciona<\/title>\n<meta name=\"description\" content=\"Descubra quando a cozinha sem arm\u00e1rios a\u00e9reos funciona e veja solu\u00e7\u00f5es para manter o espa\u00e7o organizado e com bom armazenamento.\" \/>\n<meta name=\"robots\" content=\"index, follow, max-snippet:-1, max-image-preview:large, max-video-preview:-1\" \/>\n<link rel=\"canonical\" href=\"https:\/\/italinea.com.br\/blog\/cozinha-sem-armarios-aereos\/\" \/>\n<meta property=\"og:locale\" content=\"pt_BR\" \/>\n<meta property=\"og:type\" content=\"article\" \/>\n<meta property=\"og:title\" content=\"Cozinha sem arm\u00e1rios a\u00e9reos: veja quando essa escolha funciona\" \/>\n<meta property=\"og:description\" content=\"Descubra quando a cozinha sem arm\u00e1rios a\u00e9reos funciona e veja solu\u00e7\u00f5es para manter o espa\u00e7o organizado e com bom armazenamento.\" \/>\n<meta property=\"og:url\" content=\"https:\/\/italinea.com.br\/blog\/cozinha-sem-armarios-aereos\/\" \/>\n<meta property=\"og:site_name\" content=\"Blog Ital\u00ednea\" \/>\n<meta property=\"article:published_time\" content=\"2026-09-02T21:25:32+00:00\" \/>\n<meta property=\"article:modified_time\" content=\"2026-09-02T21:25:36+00:00\" \/>\n<meta property=\"og:image\" content=\"https:\/\/italinea.com.br\/blog\/wp-content\/uploads\/2026\/09\/capa.webp\" \/>\n\t<meta property=\"og:image:width\" content=\"1000\" \/>\n\t<meta property=\"og:image:height\" content=\"600\" \/>\n\t<meta property=\"og:image:type\" content=\"image\/webp\" \/>\n<meta name=\"author\" content=\"Fl\u00e1via Carnet\" \/>\n<meta name=\"twitter:card\" content=\"summary_large_image\" \/>\n<meta name=\"twitter:label1\" content=\"Escrito por\" \/>\n\t<meta name=\"twitter:data1\" content=\"Fl\u00e1via Carnet\" \/>\n\t<meta name=\"twitter:label2\" content=\"Est. tempo de leitura\" \/>\n\t<meta name=\"twitter:data2\" content=\"18 minutos\" \/>\n<script type=\"application\/ld+json\" class=\"yoast-schema-graph\">{\"@context\":\"https:\\\/\\\/schema.org\",\"@graph\":[{\"@type\":\"Article\",\"@id\":\"https:\\\/\\\/italinea.com.br\\\/blog\\\/cozinha-sem-armarios-aereos\\\/#article\",\"isPartOf\":{\"@id\":\"https:\\\/\\\/italinea.com.br\\\/blog\\\/cozinha-sem-armarios-aereos\\\/\"},\"author\":{\"name\":\"Fl\u00e1via Carnet\",\"@id\":\"https:\\\/\\\/italinea.com.br\\\/blog\\\/#\\\/schema\\\/person\\\/35e40e10cf5d9099b28d80cd646ecc01\"},\"headline\":\"Cozinha sem arm\u00e1rios a\u00e9reos: quando funciona e como manter espa\u00e7o de armazenamento\u00a0\",\"datePublished\":\"2026-09-02T21:25:32+00:00\",\"dateModified\":\"2026-09-02T21:25:36+00:00\",\"mainEntityOfPage\":{\"@id\":\"https:\\\/\\\/italinea.com.br\\\/blog\\\/cozinha-sem-armarios-aereos\\\/\"},\"wordCount\":3531,\"commentCount\":0,\"image\":{\"@id\":\"https:\\\/\\\/italinea.com.br\\\/blog\\\/cozinha-sem-armarios-aereos\\\/#primaryimage\"},\"thumbnailUrl\":\"https:\\\/\\\/italinea.com.br\\\/blog\\\/wp-content\\\/uploads\\\/2026\\\/09\\\/capa.webp\",\"articleSection\":[\"Cozinha\",\"Decora\u00e7\u00e3o\",\"Organiza\u00e7\u00e3o\",\"Tend\u00eancia\",\"Viver Bem\"],\"inLanguage\":\"pt-BR\",\"potentialAction\":[{\"@type\":\"CommentAction\",\"name\":\"Comment\",\"target\":[\"https:\\\/\\\/italinea.com.br\\\/blog\\\/cozinha-sem-armarios-aereos\\\/#respond\"]}]},{\"@type\":\"WebPage\",\"@id\":\"https:\\\/\\\/italinea.com.br\\\/blog\\\/cozinha-sem-armarios-aereos\\\/\",\"url\":\"https:\\\/\\\/italinea.com.br\\\/blog\\\/cozinha-sem-armarios-aereos\\\/\",\"name\":\"Cozinha sem arm\u00e1rios a\u00e9reos: veja quando essa escolha funciona\",\"isPartOf\":{\"@id\":\"https:\\\/\\\/italinea.com.br\\\/blog\\\/#website\"},\"primaryImageOfPage\":{\"@id\":\"https:\\\/\\\/italinea.com.br\\\/blog\\\/cozinha-sem-armarios-aereos\\\/#primaryimage\"},\"image\":{\"@id\":\"https:\\\/\\\/italinea.com.br\\\/blog\\\/cozinha-sem-armarios-aereos\\\/#primaryimage\"},\"thumbnailUrl\":\"https:\\\/\\\/italinea.com.br\\\/blog\\\/wp-content\\\/uploads\\\/2026\\\/09\\\/capa.webp\",\"datePublished\":\"2026-09-02T21:25:32+00:00\",\"dateModified\":\"2026-09-02T21:25:36+00:00\",\"author\":{\"@id\":\"https:\\\/\\\/italinea.com.br\\\/blog\\\/#\\\/schema\\\/person\\\/35e40e10cf5d9099b28d80cd646ecc01\"},\"description\":\"Descubra quando a cozinha sem arm\u00e1rios a\u00e9reos funciona e veja solu\u00e7\u00f5es para manter o espa\u00e7o organizado e com bom armazenamento.\",\"breadcrumb\":{\"@id\":\"https:\\\/\\\/italinea.com.br\\\/blog\\\/cozinha-sem-armarios-aereos\\\/#breadcrumb\"},\"inLanguage\":\"pt-BR\",\"potentialAction\":[{\"@type\":\"ReadAction\",\"target\":[\"https:\\\/\\\/italinea.com.br\\\/blog\\\/cozinha-sem-armarios-aereos\\\/\"]}]},{\"@type\":\"ImageObject\",\"inLanguage\":\"pt-BR\",\"@id\":\"https:\\\/\\\/italinea.com.br\\\/blog\\\/cozinha-sem-armarios-aereos\\\/#primaryimage\",\"url\":\"https:\\\/\\\/italinea.com.br\\\/blog\\\/wp-content\\\/uploads\\\/2026\\\/09\\\/capa.webp\",\"contentUrl\":\"https:\\\/\\\/italinea.com.br\\\/blog\\\/wp-content\\\/uploads\\\/2026\\\/09\\\/capa.webp\",\"width\":1000,\"height\":600,\"caption\":\"Cozinha sem arm\u00e1rios a\u00e9reos\"},{\"@type\":\"BreadcrumbList\",\"@id\":\"https:\\\/\\\/italinea.com.br\\\/blog\\\/cozinha-sem-armarios-aereos\\\/#breadcrumb\",\"itemListElement\":[{\"@type\":\"ListItem\",\"position\":1,\"name\":\"In\u00edcio\",\"item\":\"https:\\\/\\\/italinea.com.br\\\/blog\\\/\"},{\"@type\":\"ListItem\",\"position\":2,\"name\":\"Cozinha sem arm\u00e1rios a\u00e9reos: quando funciona e como manter espa\u00e7o de armazenamento\u00a0\"}]},{\"@type\":\"WebSite\",\"@id\":\"https:\\\/\\\/italinea.com.br\\\/blog\\\/#website\",\"url\":\"https:\\\/\\\/italinea.com.br\\\/blog\\\/\",\"name\":\"Blog Ital\u00ednea\",\"description\":\"\",\"potentialAction\":[{\"@type\":\"SearchAction\",\"target\":{\"@type\":\"EntryPoint\",\"urlTemplate\":\"https:\\\/\\\/italinea.com.br\\\/blog\\\/?s={search_term_string}\"},\"query-input\":{\"@type\":\"PropertyValueSpecification\",\"valueRequired\":true,\"valueName\":\"search_term_string\"}}],\"inLanguage\":\"pt-BR\"},{\"@type\":\"Person\",\"@id\":\"https:\\\/\\\/italinea.com.br\\\/blog\\\/#\\\/schema\\\/person\\\/35e40e10cf5d9099b28d80cd646ecc01\",\"name\":\"Fl\u00e1via Carnet\",\"image\":{\"@type\":\"ImageObject\",\"inLanguage\":\"pt-BR\",\"@id\":\"https:\\\/\\\/italinea.com.br\\\/blog\\\/wp-content\\\/uploads\\\/2025\\\/07\\\/cropped-quem-escreve-Flavia-96x96.webp\",\"url\":\"https:\\\/\\\/italinea.com.br\\\/blog\\\/wp-content\\\/uploads\\\/2025\\\/07\\\/cropped-quem-escreve-Flavia-96x96.webp\",\"contentUrl\":\"https:\\\/\\\/italinea.com.br\\\/blog\\\/wp-content\\\/uploads\\\/2025\\\/07\\\/cropped-quem-escreve-Flavia-96x96.webp\",\"caption\":\"Fl\u00e1via Carnet\"},\"description\":\"Redatora com foco em conte\u00fados voltados ao universo dos m\u00f3veis planejados, design de interiores e marcenaria de alto padr\u00e3o. Com sensibilidade para traduzir conceitos t\u00e9cnicos em uma linguagem acess\u00edvel e elegante, atua na cria\u00e7\u00e3o e adapta\u00e7\u00e3o de artigos que refletem a sofistica\u00e7\u00e3o e a identidade da Ital\u00ednea. Possui experi\u00eancia em storytelling, escrita estrat\u00e9gica e constru\u00e7\u00e3o de conte\u00fados que equilibram informa\u00e7\u00e3o, est\u00e9tica e funcionalidade.\",\"url\":\"https:\\\/\\\/italinea.com.br\\\/blog\\\/author\\\/flavia-carnetosf-digital\\\/\"}]}<\/script>\n<!-- \/ Yoast SEO plugin. -->","yoast_head_json":{"title":"Cozinha sem arm\u00e1rios a\u00e9reos: veja quando essa escolha funciona","description":"Descubra quando a cozinha sem arm\u00e1rios a\u00e9reos funciona e veja solu\u00e7\u00f5es para manter o espa\u00e7o organizado e com bom armazenamento.","robots":{"index":"index","follow":"follow","max-snippet":"max-snippet:-1","max-image-preview":"max-image-preview:large","max-video-preview":"max-video-preview:-1"},"canonical":"https:\/\/italinea.com.br\/blog\/cozinha-sem-armarios-aereos\/","og_locale":"pt_BR","og_type":"article","og_title":"Cozinha sem arm\u00e1rios a\u00e9reos: veja quando essa escolha funciona","og_description":"Descubra quando a cozinha sem arm\u00e1rios a\u00e9reos funciona e veja solu\u00e7\u00f5es para manter o espa\u00e7o organizado e com bom armazenamento.","og_url":"https:\/\/italinea.com.br\/blog\/cozinha-sem-armarios-aereos\/","og_site_name":"Blog Ital\u00ednea","article_published_time":"2026-09-02T21:25:32+00:00","article_modified_time":"2026-09-02T21:25:36+00:00","og_image":[{"width":1000,"height":600,"url":"https:\/\/italinea.com.br\/blog\/wp-content\/uploads\/2026\/09\/capa.webp","type":"image\/webp"}],"author":"Fl\u00e1via Carnet","twitter_card":"summary_large_image","twitter_misc":{"Escrito por":"Fl\u00e1via Carnet","Est. tempo de leitura":"18 minutos"},"schema":{"@context":"https:\/\/schema.org","@graph":[{"@type":"Article","@id":"https:\/\/italinea.com.br\/blog\/cozinha-sem-armarios-aereos\/#article","isPartOf":{"@id":"https:\/\/italinea.com.br\/blog\/cozinha-sem-armarios-aereos\/"},"author":{"name":"Fl\u00e1via Carnet","@id":"https:\/\/italinea.com.br\/blog\/#\/schema\/person\/35e40e10cf5d9099b28d80cd646ecc01"},"headline":"Cozinha sem arm\u00e1rios a\u00e9reos: quando funciona e como manter espa\u00e7o de armazenamento\u00a0","datePublished":"2026-09-02T21:25:32+00:00","dateModified":"2026-09-02T21:25:36+00:00","mainEntityOfPage":{"@id":"https:\/\/italinea.com.br\/blog\/cozinha-sem-armarios-aereos\/"},"wordCount":3531,"commentCount":0,"image":{"@id":"https:\/\/italinea.com.br\/blog\/cozinha-sem-armarios-aereos\/#primaryimage"},"thumbnailUrl":"https:\/\/italinea.com.br\/blog\/wp-content\/uploads\/2026\/09\/capa.webp","articleSection":["Cozinha","Decora\u00e7\u00e3o","Organiza\u00e7\u00e3o","Tend\u00eancia","Viver Bem"],"inLanguage":"pt-BR","potentialAction":[{"@type":"CommentAction","name":"Comment","target":["https:\/\/italinea.com.br\/blog\/cozinha-sem-armarios-aereos\/#respond"]}]},{"@type":"WebPage","@id":"https:\/\/italinea.com.br\/blog\/cozinha-sem-armarios-aereos\/","url":"https:\/\/italinea.com.br\/blog\/cozinha-sem-armarios-aereos\/","name":"Cozinha sem arm\u00e1rios a\u00e9reos: veja quando essa escolha funciona","isPartOf":{"@id":"https:\/\/italinea.com.br\/blog\/#website"},"primaryImageOfPage":{"@id":"https:\/\/italinea.com.br\/blog\/cozinha-sem-armarios-aereos\/#primaryimage"},"image":{"@id":"https:\/\/italinea.com.br\/blog\/cozinha-sem-armarios-aereos\/#primaryimage"},"thumbnailUrl":"https:\/\/italinea.com.br\/blog\/wp-content\/uploads\/2026\/09\/capa.webp","datePublished":"2026-09-02T21:25:32+00:00","dateModified":"2026-09-02T21:25:36+00:00","author":{"@id":"https:\/\/italinea.com.br\/blog\/#\/schema\/person\/35e40e10cf5d9099b28d80cd646ecc01"},"description":"Descubra quando a cozinha sem arm\u00e1rios a\u00e9reos funciona e veja solu\u00e7\u00f5es para manter o espa\u00e7o organizado e com bom armazenamento.","breadcrumb":{"@id":"https:\/\/italinea.com.br\/blog\/cozinha-sem-armarios-aereos\/#breadcrumb"},"inLanguage":"pt-BR","potentialAction":[{"@type":"ReadAction","target":["https:\/\/italinea.com.br\/blog\/cozinha-sem-armarios-aereos\/"]}]},{"@type":"ImageObject","inLanguage":"pt-BR","@id":"https:\/\/italinea.com.br\/blog\/cozinha-sem-armarios-aereos\/#primaryimage","url":"https:\/\/italinea.com.br\/blog\/wp-content\/uploads\/2026\/09\/capa.webp","contentUrl":"https:\/\/italinea.com.br\/blog\/wp-content\/uploads\/2026\/09\/capa.webp","width":1000,"height":600,"caption":"Cozinha sem arm\u00e1rios a\u00e9reos"},{"@type":"BreadcrumbList","@id":"https:\/\/italinea.com.br\/blog\/cozinha-sem-armarios-aereos\/#breadcrumb","itemListElement":[{"@type":"ListItem","position":1,"name":"In\u00edcio","item":"https:\/\/italinea.com.br\/blog\/"},{"@type":"ListItem","position":2,"name":"Cozinha sem arm\u00e1rios a\u00e9reos: quando funciona e como manter espa\u00e7o de armazenamento\u00a0"}]},{"@type":"WebSite","@id":"https:\/\/italinea.com.br\/blog\/#website","url":"https:\/\/italinea.com.br\/blog\/","name":"Blog Ital\u00ednea","description":"","potentialAction":[{"@type":"SearchAction","target":{"@type":"EntryPoint","urlTemplate":"https:\/\/italinea.com.br\/blog\/?s={search_term_string}"},"query-input":{"@type":"PropertyValueSpecification","valueRequired":true,"valueName":"search_term_string"}}],"inLanguage":"pt-BR"},{"@type":"Person","@id":"https:\/\/italinea.com.br\/blog\/#\/schema\/person\/35e40e10cf5d9099b28d80cd646ecc01","name":"Fl\u00e1via Carnet","image":{"@type":"ImageObject","inLanguage":"pt-BR","@id":"https:\/\/italinea.com.br\/blog\/wp-content\/uploads\/2025\/07\/cropped-quem-escreve-Flavia-96x96.webp","url":"https:\/\/italinea.com.br\/blog\/wp-content\/uploads\/2025\/07\/cropped-quem-escreve-Flavia-96x96.webp","contentUrl":"https:\/\/italinea.com.br\/blog\/wp-content\/uploads\/2025\/07\/cropped-quem-escreve-Flavia-96x96.webp","caption":"Fl\u00e1via Carnet"},"description":"Redatora com foco em conte\u00fados voltados ao universo dos m\u00f3veis planejados, design de interiores e marcenaria de alto padr\u00e3o. Com sensibilidade para traduzir conceitos t\u00e9cnicos em uma linguagem acess\u00edvel e elegante, atua na cria\u00e7\u00e3o e adapta\u00e7\u00e3o de artigos que refletem a sofistica\u00e7\u00e3o e a identidade da Ital\u00ednea. Possui experi\u00eancia em storytelling, escrita estrat\u00e9gica e constru\u00e7\u00e3o de conte\u00fados que equilibram informa\u00e7\u00e3o, est\u00e9tica e funcionalidade.","url":"https:\/\/italinea.com.br\/blog\/author\/flavia-carnetosf-digital\/"}]}},"_links":{"self":[{"href":"https:\/\/italinea.com.br\/blog\/wp-json\/wp\/v2\/posts\/2855","targetHints":{"allow":["GET"]}}],"collection":[{"href":"https:\/\/italinea.com.br\/blog\/wp-json\/wp\/v2\/posts"}],"about":[{"href":"https:\/\/italinea.com.br\/blog\/wp-json\/wp\/v2\/types\/post"}],"author":[{"embeddable":true,"href":"https:\/\/italinea.com.br\/blog\/wp-json\/wp\/v2\/users\/4"}],"replies":[{"embeddable":true,"href":"https:\/\/italinea.com.br\/blog\/wp-json\/wp\/v2\/comments?post=2855"}],"version-history":[{"count":1,"href":"https:\/\/italinea.com.br\/blog\/wp-json\/wp\/v2\/posts\/2855\/revisions"}],"predecessor-version":[{"id":2862,"href":"https:\/\/italinea.com.br\/blog\/wp-json\/wp\/v2\/posts\/2855\/revisions\/2862"}],"wp:featuredmedia":[{"embeddable":true,"href":"https:\/\/italinea.com.br\/blog\/wp-json\/wp\/v2\/media\/2856"}],"wp:attachment":[{"href":"https:\/\/italinea.com.br\/blog\/wp-json\/wp\/v2\/media?parent=2855"}],"wp:term":[{"taxonomy":"category","embeddable":true,"href":"https:\/\/italinea.com.br\/blog\/wp-json\/wp\/v2\/categories?post=2855"},{"taxonomy":"post_tag","embeddable":true,"href":"https:\/\/italinea.com.br\/blog\/wp-json\/wp\/v2\/tags?post=2855"}],"curies":[{"name":"wp","href":"https:\/\/api.w.org\/{rel}","templated":true}]}}